    
    {"id":5051,"date":"2021-06-30T13:50:31","date_gmt":"2021-06-30T11:50:31","guid":{"rendered":"https:\/\/www.equalsalary.org\/?p=5051"},"modified":"2021-06-29T15:51:38","modified_gmt":"2021-06-29T13:51:38","slug":"retraites-populaires-est-certifiee-equal-salary","status":"publish","type":"post","link":"https:\/\/www.equalsalary.org\/fr\/retraites-populaires-est-certifiee-equal-salary\/","title":{"rendered":"RETRAITES POPULAIRES EST CERTIFIEE EQUAL-SALARY"},"content":{"rendered":"<p><strong>Vevey \/ Lausanne, le 30 juin 2021 <\/strong>\u2013 La Fondation EQUAL-SALARY est heureuse d\u2019annoncer que <strong>Retraites Populaires<\/strong> a obtenu la certification EQUAL-SALARY, synonyme d\u2019excellence en mati\u00e8re d\u2019\u00e9galit\u00e9 salariale. Apr\u00e8s avoir pass\u00e9 avec succ\u00e8s l\u2019analyse statistique de ses salaires, <strong>Retraites Populaires<\/strong> s\u2019est soumise \u00e0 l\u2019audit interne confi\u00e9 \u00e0 PwC et a prouv\u00e9 qu\u2019elle pratiquait l\u2019\u00e9galit\u00e9 salariale entre les femmes et les hommes.<\/p>\n<p>\u00ab\u00a0<em>En renouvelant la certification EQUAL-SALARY et ce pour la quatri\u00e8me fois, Retraites Populaires d\u00e9montre un engagement pionnier et sans faille pour l\u2019\u00e9galit\u00e9 salariale entre les femmes et les hommes. C\u2019est naturellement une tr\u00e8s grande satisfaction d\u2019avoir cet acteur incontournable de l\u2019\u00e9conomie vaudoise \u00e0 bord depuis 2011<\/em>. \u00bb rel\u00e8ve V\u00e9ronique Goy Veenhuys, Fondatrice et CEO de EQUAL-SALARY<\/p>\n<p>\u00ab\u00a0<em>C\u2019est une tr\u00e8s belle reconnaissance de notre engagement de recevoir une nouvelle certification EQUAL-SALARY. Depuis 2011, ce label attribu\u00e9 \u00e0 Retraites Populaires confirme notre ferme volont\u00e9 en vue d\u2019une \u00e9galit\u00e9 entre les femmes et les hommes. Riche de notre h\u00e9ritage de mutualiste, nous nous engageons constamment \u00e0 garantir une \u00e9galit\u00e9 entre les genres et une valorisation des comp\u00e9tences de toutes et tous.<\/em>\u00a0\u00bb ajoute Philippe Doffey, Directeur g\u00e9n\u00e9ral de Retraites Populaires.<\/p>\n","protected":false},"excerpt":{"rendered":"<p>Vevey \/ Lausanne, le 30 juin 2021 \u2013 La Fondation EQUAL-SALARY est heureuse d\u2019annoncer que Retraites Populaires a obtenu la certification EQUAL-SALARY, synonyme d\u2019excellence en mati\u00e8re d\u2019\u00e9galit\u00e9 salariale. Apr\u00e8s avoir&hellip;<\/p>\n","protected":false},"author":34,"featured_media":5045,"comment_status":"closed","ping_status":"closed","sticky":false,"template":"","format":"standard","meta":{"_acf_changed":false,"wds_primary_category":0,"footnotes":""},"categories":[40,47],"tags":[],"class_list":["post-5051","post","type-post","status-publish","format-standard","has-post-thumbnail","hentry","category-actus","category-communiques-de-presse"],"acf":[],"_links":{"self":[{"href":"https:\/\/www.equalsalary.org\/fr\/wp-json\/wp\/v2\/posts\/5051","targetHints":{"allow":["GET"]}}],"collection":[{"href":"https:\/\/www.equalsalary.org\/fr\/wp-json\/wp\/v2\/posts"}],"about":[{"href":"https:\/\/www.equalsalary.org\/fr\/wp-json\/wp\/v2\/types\/post"}],"author":[{"embeddable":true,"href":"https:\/\/www.equalsalary.org\/fr\/wp-json\/wp\/v2\/users\/34"}],"replies":[{"embeddable":true,"href":"https:\/\/www.equalsalary.org\/fr\/wp-json\/wp\/v2\/comments?post=5051"}],"version-history":[{"count":4,"href":"https:\/\/www.equalsalary.org\/fr\/wp-json\/wp\/v2\/posts\/5051\/revisions"}],"predecessor-version":[{"id":5065,"href":"https:\/\/www.equalsalary.org\/fr\/wp-json\/wp\/v2\/posts\/5051\/revisions\/5065"}],"wp:featuredmedia":[{"embeddable":true,"href":"https:\/\/www.equalsalary.org\/fr\/wp-json\/wp\/v2\/media\/5045"}],"wp:attachment":[{"href":"https:\/\/www.equalsalary.org\/fr\/wp-json\/wp\/v2\/media?parent=5051"}],"wp:term":[{"taxonomy":"category","embeddable":true,"href":"https:\/\/www.equalsalary.org\/fr\/wp-json\/wp\/v2\/categories?post=5051"},{"taxonomy":"post_tag","embeddable":true,"href":"https:\/\/www.equalsalary.org\/fr\/wp-json\/wp\/v2\/tags?post=5051"}],"curies":[{"name":"wp","href":"https:\/\/api.w.org\/{rel}","templated":true}]}}