    
    {"id":10080,"date":"2022-09-07T10:00:21","date_gmt":"2022-09-07T08:00:21","guid":{"rendered":"https:\/\/www.equalsalary.org\/?p=10080"},"modified":"2022-07-19T09:07:58","modified_gmt":"2022-07-19T07:07:58","slug":"the-motherhood-pay-penalty","status":"publish","type":"post","link":"https:\/\/www.equalsalary.org\/fr\/the-motherhood-pay-penalty\/","title":{"rendered":"La p\u00e9nalit\u00e9 salariale li\u00e9e \u00e0 la maternit\u00e9"},"content":{"rendered":"<p style=\"font-weight: 400;\">L\u2019in\u00e9galit\u00e9 salariale entre les hommes et les femmes ne se r\u00e9sume pas simplement \u00e0 la question du genre. La situation familiale joue \u00e9galement un r\u00f4le important. Saviez-vous que \u00ab\u00a0le revers de la maternit\u00e9\u00a0\u00bb (motherhood penalty) repr\u00e9sente 80 % de l&rsquo;\u00e9cart salarial entre femmes et hommes\u00a0?<\/p>\n<p style=\"font-weight: 400;\">\n<p style=\"font-weight: 400;\">Le \u00ab\u00a0revers de la maternit\u00e9\u00a0\u00bb d\u00e9signe l&rsquo;\u00e9cart de r\u00e9mun\u00e9ration entre les m\u00e8res et les femmes sans enfant \u00e0 charge. \u00c0 l&rsquo;\u00e2ge de 42 ans, les m\u00e8res qui ont un emploi \u00e0 temps plein gagnent 11% de moins que les femmes \u00e0 plein temps sans enfant. (<a href=\"https:\/\/www.tuc.org.uk\/sites\/default\/files\/MotherhoodPayPenalty.pdf\">TUC\/IPPR Research<\/a>).<\/p>\n<p style=\"font-weight: 400;\">\n<p style=\"font-weight: 400;\">En effet, la maternit\u00e9 a un impact significatif sur le salaire de nombreuses femmes lorsque qu\u2019elles retournent au travail. C\u2019est particuli\u00e8rement manifeste pour les femmes ayant eu des enfants plus t\u00f4t dans leur vie. Cette situation a donn\u00e9 lieu \u00e0 une tendance chez les jeunes femmes \u00e0 \u00ab\u00a0se pr\u00e9cipiter vers le sommet\u00a0\u00bb pour tenter d&rsquo;obtenir des postes \u00e0 responsabilit\u00e9s AVANT de fonder leur famille.<\/p>\n<p style=\"font-weight: 400;\">\n<p style=\"font-weight: 400;\">Le r\u00e9sultat ? Du stress. Du surmenage.<\/p>\n<p style=\"font-weight: 400;\">\n<p style=\"font-weight: 400;\">Les futures m\u00e8res paient le prix de l&rsquo;in\u00e9galit\u00e9 d\u00e8s le d\u00e9but de leur carri\u00e8re.<\/p>\n<p style=\"font-weight: 400;\">\n<p style=\"font-weight: 400;\">La p\u00e9nalit\u00e9 salariale li\u00e9e \u00e0 la maternit\u00e9 est un probl\u00e8me complexe, qui ne peut \u00eatre r\u00e9solu par le seul salaire&#8230;<\/p>\n<p style=\"font-weight: 400;\">\n<p style=\"font-weight: 400;\">Lorsque les hommes et les femmes ont la possibilit\u00e9 de jouer un r\u00f4le \u00e9gal \u00e0 la maison, les r\u00e8gles du jeu s\u2019\u00e9quilibrent sur le lieu de travail. Les employ\u00e9.e.s ont besoin d&rsquo;un cong\u00e9 parental <em>partag\u00e9<\/em> afin que hommes et femmes aient la possibilit\u00e9 de partager la charge de travail plus \u00e9quitablement. Les hommes ont \u00e9galement besoin de meilleures options de cong\u00e9 paternit\u00e9 qu&rsquo;ils puissent r\u00e9ellement se permettre de prendre.<\/p>\n<p style=\"font-weight: 400;\">\n<p style=\"font-weight: 400;\">Un travail \u00e0 temps partiel ainsi qu\u2019une flexibilit\u00e9 des horaires devraient \u00eatre accessibles \u00e0 toutes et tous, et pas uniquement aux personnes occupant des postes moins bien r\u00e9mun\u00e9r\u00e9s. En effet, lorsque les m\u00e8res ne sont plus les seules \u00e0 occuper des postes flexibles ou \u00e0 temps partiel, le stigma dispara\u00eet. De plus, les nouvelles m\u00e8res b\u00e9n\u00e9ficiant d\u2019un tremplin pour retourner au travail \u00e0 plein temps une fois que leurs enfants ont grandi, ont plus de chances de faire progresser leur carri\u00e8re ad\u00e9quatement.<\/p>\n<p style=\"font-weight: 400;\">\n<p style=\"font-weight: 400;\">Joeli Brearley, fondatrice de la campagne <em>Pregnant Then Screwed<\/em> et auteure de <em>The Motherhood Penalty<\/em>: <em>How to stop motherhood being the kiss of death for your career, <\/em>d\u00e9clare:<\/p>\n<p style=\"font-weight: 400;\">\n<p style=\"font-weight: 400;\"><em>\u00ab\u00a0Aucun pays n&rsquo;est \u00e0 l&rsquo;abri. M\u00eame les pays que nous consid\u00e9rons comme le Nirvana &#8211; la Su\u00e8de, la Norv\u00e8ge, le Danemark &#8211; connaissent encore des cas de discrimination li\u00e9e \u00e0 la grossesse et \u00e0 la maternit\u00e9. Dans le monde occidental en particulier, nous avons pass\u00e9 des si\u00e8cles \u00e0 consid\u00e9rer les femmes comme des m\u00e8res. Si vous avez des enfants, votre r\u00f4le principal est d\u2019\u00eatre m\u00e8re. Il existe beaucoup de pr\u00e9jug\u00e9s profond\u00e9ment ancr\u00e9s \u00e0 l&rsquo;\u00e9gard des femmes : d\u00e8s qu&rsquo;elles tombent enceintes, elles sont consid\u00e9r\u00e9es comme distraites et peu engag\u00e9es dans leur travail.<\/em><\/p>\n<p style=\"font-weight: 400;\"><em>\u00a0<\/em><\/p>\n<p style=\"font-weight: 400;\"><em>La discrimination peut aller aussi loin que le licenciement. Mais elle peut aussi s\u2019exprimer sous la forme de r\u00e9trogradations, d\u2019intimidations et de harc\u00e8lement, de mise \u00e0 l&rsquo;\u00e9cart et de m\u00e9pris. Dans des pays comme la Su\u00e8de, le Danemark et la Norv\u00e8ge, on observe des femmes victimes d&rsquo;intimidation et de harc\u00e8lement, dont la carri\u00e8re stagne, et qui se heurtent imm\u00e9diatement au plafond de verre. Dans d&rsquo;autres pays, c&rsquo;est plus grave. <\/em><\/p>\n<p style=\"font-weight: 400;\"><em>\u00a0<\/em><\/p>\n<p style=\"font-weight: 400;\"><em>Aux \u00c9tats-Unis, les femmes ne b\u00e9n\u00e9ficient pas automatiquement de cong\u00e9 maternit\u00e9 : une femme sur quatre retourne au travail dix jours apr\u00e8s l&rsquo;accouchement. Beaucoup d\u2019entre elles se sentent oblig\u00e9es de quitter leur emploi, ou sont en quelque sorte forc\u00e9es de partir. Dans tous ces pays, les histoires sont dramatiques, et privent les femmes de leur confiance et de leur autonomie \u00e9conomique.\u00a0\u00bb<\/em><\/p>\n<p style=\"font-weight: 400;\"><em>\u00a0<\/em><\/p>\n<p style=\"font-weight: 400;\">\n<p style=\"font-weight: 400;\">Deux jours apr\u00e8s avoir annonc\u00e9 \u00e0 son employeur qu&rsquo;elle \u00e9tait enceinte, Joeli Brearley a re\u00e7u un message vocal inattendu de la part de sa directrice g\u00e9n\u00e9rale, lui disant que ses services n&rsquo;\u00e9taient plus n\u00e9cessaires. Un rendez-vous de routine chez le m\u00e9decin r\u00e9v\u00e9la ensuite que Brearley allait avoir une grossesse \u00e0 haut risque &#8211; ce qui l&rsquo;obligea \u00e0 abandonner toute tentative de contestation de la discrimination de son employeur devant un tribunal.<\/p>\n<p style=\"font-weight: 400;\">\n<p style=\"font-weight: 400;\">Cette exp\u00e9rience l&rsquo;a \u00ab\u00a0rong\u00e9e\u00a0\u00bb pendant 18 mois, jusqu&rsquo;\u00e0 ce qu&rsquo;elle canalise sa col\u00e8re dans une <a href=\"mailto:https:\/\/pregnantthenscrewed.com\/about-maternity-discrimination\/\">campagne d\u00e9sormais mondiale pour aider d&rsquo;autres femmes<\/a>. Lisez les suggestions de Joeli sur la mani\u00e8re dont la garde d&rsquo;enfants et le cong\u00e9 paternit\u00e9 peuvent r\u00e9duire l&rsquo;\u00e9cart de r\u00e9mun\u00e9ration entre les hommes et les femmes dans ce r\u00e9cent article du <a href=\"mailto:mailto:https:\/\/www.weforum.org\/agenda\/2022\/05\/reduce-motherhood-penalty-gender-pay-gap\/\">World Economic Forum.<\/a><\/p>\n","protected":false},"excerpt":{"rendered":"<p>L\u2019in\u00e9galit\u00e9 salariale entre les hommes et les femmes ne se r\u00e9sume pas simplement \u00e0 la question du genre. La situation familiale joue \u00e9galement un r\u00f4le important. Saviez-vous que \u00ab\u00a0le revers&hellip;<\/p>\n","protected":false},"author":38,"featured_media":10078,"comment_status":"closed","ping_status":"closed","sticky":false,"template":"","format":"standard","meta":{"_acf_changed":false,"wds_primary_category":0,"footnotes":""},"categories":[40,47,45,58,44],"tags":[],"class_list":["post-10080","post","type-post","status-publish","format-standard","has-post-thumbnail","hentry","category-actus","category-communiques-de-presse","category-dernieres-recherches","category-equal-salary-dans-les-medias","category-ressources-humaines"],"acf":[],"_links":{"self":[{"href":"https:\/\/www.equalsalary.org\/fr\/wp-json\/wp\/v2\/posts\/10080","targetHints":{"allow":["GET"]}}],"collection":[{"href":"https:\/\/www.equalsalary.org\/fr\/wp-json\/wp\/v2\/posts"}],"about":[{"href":"https:\/\/www.equalsalary.org\/fr\/wp-json\/wp\/v2\/types\/post"}],"author":[{"embeddable":true,"href":"https:\/\/www.equalsalary.org\/fr\/wp-json\/wp\/v2\/users\/38"}],"replies":[{"embeddable":true,"href":"https:\/\/www.equalsalary.org\/fr\/wp-json\/wp\/v2\/comments?post=10080"}],"version-history":[{"count":1,"href":"https:\/\/www.equalsalary.org\/fr\/wp-json\/wp\/v2\/posts\/10080\/revisions"}],"predecessor-version":[{"id":10081,"href":"https:\/\/www.equalsalary.org\/fr\/wp-json\/wp\/v2\/posts\/10080\/revisions\/10081"}],"wp:featuredmedia":[{"embeddable":true,"href":"https:\/\/www.equalsalary.org\/fr\/wp-json\/wp\/v2\/media\/10078"}],"wp:attachment":[{"href":"https:\/\/www.equalsalary.org\/fr\/wp-json\/wp\/v2\/media?parent=10080"}],"wp:term":[{"taxonomy":"category","embeddable":true,"href":"https:\/\/www.equalsalary.org\/fr\/wp-json\/wp\/v2\/categories?post=10080"},{"taxonomy":"post_tag","embeddable":true,"href":"https:\/\/www.equalsalary.org\/fr\/wp-json\/wp\/v2\/tags?post=10080"}],"curies":[{"name":"wp","href":"https:\/\/api.w.org\/{rel}","templated":true}]}}